
{"id":963,"date":"2022-03-16T10:33:59","date_gmt":"2022-03-16T09:33:59","guid":{"rendered":"https:\/\/www.pan-ol.lublin.pl\/?p=963"},"modified":"2022-03-24T10:07:12","modified_gmt":"2022-03-24T09:07:12","slug":"25-marca-2022-r-zebranie-otwarte-komisji-polsko-ukrainskich-zwiazkow-kulturowych-pan-oddzial-w-lublinie","status":"publish","type":"post","link":"https:\/\/lublin.pan.pl\/pl\/2022\/03\/16\/25-marca-2022-r-zebranie-otwarte-komisji-polsko-ukrainskich-zwiazkow-kulturowych-pan-oddzial-w-lublinie\/","title":{"rendered":"25 marca 2022 r. &#8211; zebranie otwarte Komisji Polsko-Ukrai\u0144skich Zwi\u0105zk\u00f3w Kulturowych PAN Oddzia\u0142 w Lublinie"},"content":{"rendered":"<p style=\"text-align: center;\">ZAPROSZENIE<\/p>\n<p>Komisja Polsko-Ukrai\u0144skich Zwi\u0105zk\u00f3w Kulturowych PAN Oddzia\u0142 w Lublinie<strong> zaprasza na spotkanie po\u015bwi\u0119cone pami\u0119ci Profesora Jerzego Bartmi\u0144skiego,<\/strong> znakomitego polonisty, etnolingwisty, slawisty oraz Cz\u0142onka Komisji od pocz\u0105tku jej istnienia, wybitnego Uczonego.<\/p>\n<p>W czasie spotkania prof. dr hab. Jan Adamowski przedstawi wyk\u0142ad nt.<\/p>\n<p><em>Profesor Jerzy Bartmi\u0144ski &#8211; uczony i obywatel<\/em>,<\/p>\n<p>nast\u0119pnie b\u0119dzie okazja do rozmowy o Zmar\u0142ym, jego naukowych osi\u0105gni\u0119ciach oraz mo\u017cliwo\u015b\u0107\u00a0 podzielenia si\u0119 wspomnieniami o Nim.<\/p>\n<p>Spotkanie ma charakter otwarty,<strong> odb\u0119dzie si\u0119 25 marca 2022 roku o godz. 14.00 w trybie hybrydowym; zapraszamy do siedziby Oddzia\u0142u PAN w Lublinie, ul. Spokojna 1, lub do \u0142\u0105czenia si\u0119 online<\/strong>.<\/p>\n<p>Dost\u0119p poprzez link:\u00a0 <a href=\"https:\/\/teams.microsoft.com\/l\/meetup-join\/19%3a-cot5B5EJKkfqi5XfOCiE-nCYKWAUMmu-E-ywsDZR2M1%40thread.tacv2\/1647947662475?context=%7b%22Tid%22%3a%22c09e1b13-b101-4ccc-9d9b-05118a718591%22%2c%22Oid%22%3a%222185460d-e2bf-4be6-877c-6e3ca755e4c0%22%7d\">ZEBRANIE OTWARTE<\/a><\/p>\n<p>&nbsp;<\/p>\n","protected":false},"excerpt":{"rendered":"<p>ZAPROSZENIE Komisja Polsko-Ukrai\u0144skich Zwi\u0105zk\u00f3w Kulturowych PAN Oddzia\u0142 w Lublinie zaprasza na spotkanie po\u015bwi\u0119cone pami\u0119ci Profesora Jerzego Bartmi\u0144skiego, znakomitego polonisty, etnolingwisty, slawisty oraz Cz\u0142onka Komisji od pocz\u0105tku jej istnienia, wybitnego Uczonego. W czasie spotkania prof. dr hab. Jan Adamowski przedstawi wyk\u0142ad nt. Profesor Jerzy Bartmi\u0144ski &#8211; uczony i obywatel, nast\u0119pnie b\u0119dzie okazja do rozmowy o Zmar\u0142ym, [&hellip;]<\/p>\n","protected":false},"author":2,"featured_media":850,"comment_status":"open","ping_status":"open","sticky":false,"template":"","format":"standard","meta":[],"categories":[7],"tags":[],"_links":{"self":[{"href":"https:\/\/lublin.pan.pl\/pl\/wp-json\/wp\/v2\/posts\/963"}],"collection":[{"href":"https:\/\/lublin.pan.pl\/pl\/wp-json\/wp\/v2\/posts"}],"about":[{"href":"https:\/\/lublin.pan.pl\/pl\/wp-json\/wp\/v2\/types\/post"}],"author":[{"embeddable":true,"href":"https:\/\/lublin.pan.pl\/pl\/wp-json\/wp\/v2\/users\/2"}],"replies":[{"embeddable":true,"href":"https:\/\/lublin.pan.pl\/pl\/wp-json\/wp\/v2\/comments?post=963"}],"version-history":[{"count":3,"href":"https:\/\/lublin.pan.pl\/pl\/wp-json\/wp\/v2\/posts\/963\/revisions"}],"predecessor-version":[{"id":980,"href":"https:\/\/lublin.pan.pl\/pl\/wp-json\/wp\/v2\/posts\/963\/revisions\/980"}],"wp:featuredmedia":[{"embeddable":true,"href":"https:\/\/lublin.pan.pl\/pl\/wp-json\/wp\/v2\/media\/850"}],"wp:attachment":[{"href":"https:\/\/lublin.pan.pl\/pl\/wp-json\/wp\/v2\/media?parent=963"}],"wp:term":[{"taxonomy":"category","embeddable":true,"href":"https:\/\/lublin.pan.pl\/pl\/wp-json\/wp\/v2\/categories?post=963"},{"taxonomy":"post_tag","embeddable":true,"href":"https:\/\/lublin.pan.pl\/pl\/wp-json\/wp\/v2\/tags?post=963"}],"curies":[{"name":"wp","href":"https:\/\/api.w.org\/{rel}","templated":true}]}}