
{"id":869,"date":"2021-12-09T11:30:47","date_gmt":"2021-12-09T10:30:47","guid":{"rendered":"https:\/\/www.pan-ol.lublin.pl\/?p=869"},"modified":"2021-12-09T11:35:19","modified_gmt":"2021-12-09T10:35:19","slug":"10-grudnia-2021-r-zebranie-komisji-polsko-ukrainskich-zwiazkow-kulturowych-pan-oddzial-w-lublinie","status":"publish","type":"post","link":"https:\/\/lublin.pan.pl\/pl\/2021\/12\/09\/10-grudnia-2021-r-zebranie-komisji-polsko-ukrainskich-zwiazkow-kulturowych-pan-oddzial-w-lublinie\/","title":{"rendered":"10 grudnia 2021 r. &#8211; zebranie Komisji Polsko-Ukrai\u0144skich Zwi\u0105zk\u00f3w Kulturowych PAN Oddzia\u0142 w Lublinie"},"content":{"rendered":"<p>Zebranie Komisji Polsko-Ukrai\u0144skich Zwi\u0105zk\u00f3w Kulturowych PAN Oddzia\u0142 w Lublinie,<\/p>\n<p>kt\u00f3re odb\u0119dzie si\u0119 w dniu 10 grudnia 2021 roku, pocz\u0105tek o godz. 11.00.<\/p>\n<p>&nbsp;<\/p>\n<p>Porz\u0105dek zebrania:<\/p>\n<ol>\n<li>Wyk\u0142ad dra Wiktora Jaruczuka, <em>Pocz\u0105tki i rozw\u00f3j literatury ukrai\u0144skoj\u0119zycznej w Polsce w drugiej po\u0142owie XX wieku<\/em>.<\/li>\n<li>Dyskusja nad wyk\u0142adem.<\/li>\n<li>Sprawozdanie prof. dra hab. Feliksa Czy\u017cewskiego z V Podlaskiej Ukrai\u0144skiej Konferencji Naukowej\u00a0\u201eJ\u0119zyk ukrai\u0144ski w przestrzeni kulturowej Podlasia\u201d.<\/li>\n<li>Relacja dra Marka Olejnika ze spotkania lubelskiego \u015brodowiska naukowego z prof. Jurijem Hromykiem, Prorektorem Uniwersytetu w \u0141ucku.<\/li>\n<li>Zg\u0142oszenia kandydat\u00f3w na cz\u0142onk\u00f3w KPUZK.<\/li>\n<li>Wolne wnioski.<\/li>\n<\/ol>\n<p>&nbsp;<\/p>\n<p>Przewidywany czas trwania zebrania: 11.00 \u2013 13.30.<\/p>\n<p>Spotkanie odb\u0119dzie si\u0119 w formie hybrydowej. Cz\u0142onkowie, kt\u00f3rzy chc\u0105 wzi\u0105\u0107 bezpo\u015bredni udzia\u0142 w spotkaniu, s\u0105 zaproszeni do <strong>siedziby lubelskiego Oddzia\u0142u PAN, ul. Spokojna 1<\/strong> (Collegium Iuridicum KUL), tych kt\u00f3rzy decyduj\u0105 si\u0119 na udzia\u0142 zdalny, prosimy o wcze\u015bniejsze zg\u0142oszenie. Zostan\u0105 oni powiadomieni o sposobie do\u0142\u0105czenia do spotkania.<\/p>\n","protected":false},"excerpt":{"rendered":"<p>Zebranie Komisji Polsko-Ukrai\u0144skich Zwi\u0105zk\u00f3w Kulturowych PAN Oddzia\u0142 w Lublinie, kt\u00f3re odb\u0119dzie si\u0119 w dniu 10 grudnia 2021 roku, pocz\u0105tek o godz. 11.00. &nbsp; Porz\u0105dek zebrania: Wyk\u0142ad dra Wiktora Jaruczuka, Pocz\u0105tki i rozw\u00f3j literatury ukrai\u0144skoj\u0119zycznej w Polsce w drugiej po\u0142owie XX wieku. Dyskusja nad wyk\u0142adem. Sprawozdanie prof. dra hab. Feliksa Czy\u017cewskiego z V Podlaskiej Ukrai\u0144skiej Konferencji [&hellip;]<\/p>\n","protected":false},"author":2,"featured_media":850,"comment_status":"open","ping_status":"open","sticky":false,"template":"","format":"standard","meta":[],"categories":[7],"tags":[],"_links":{"self":[{"href":"https:\/\/lublin.pan.pl\/pl\/wp-json\/wp\/v2\/posts\/869"}],"collection":[{"href":"https:\/\/lublin.pan.pl\/pl\/wp-json\/wp\/v2\/posts"}],"about":[{"href":"https:\/\/lublin.pan.pl\/pl\/wp-json\/wp\/v2\/types\/post"}],"author":[{"embeddable":true,"href":"https:\/\/lublin.pan.pl\/pl\/wp-json\/wp\/v2\/users\/2"}],"replies":[{"embeddable":true,"href":"https:\/\/lublin.pan.pl\/pl\/wp-json\/wp\/v2\/comments?post=869"}],"version-history":[{"count":1,"href":"https:\/\/lublin.pan.pl\/pl\/wp-json\/wp\/v2\/posts\/869\/revisions"}],"predecessor-version":[{"id":870,"href":"https:\/\/lublin.pan.pl\/pl\/wp-json\/wp\/v2\/posts\/869\/revisions\/870"}],"wp:featuredmedia":[{"embeddable":true,"href":"https:\/\/lublin.pan.pl\/pl\/wp-json\/wp\/v2\/media\/850"}],"wp:attachment":[{"href":"https:\/\/lublin.pan.pl\/pl\/wp-json\/wp\/v2\/media?parent=869"}],"wp:term":[{"taxonomy":"category","embeddable":true,"href":"https:\/\/lublin.pan.pl\/pl\/wp-json\/wp\/v2\/categories?post=869"},{"taxonomy":"post_tag","embeddable":true,"href":"https:\/\/lublin.pan.pl\/pl\/wp-json\/wp\/v2\/tags?post=869"}],"curies":[{"name":"wp","href":"https:\/\/api.w.org\/{rel}","templated":true}]}}