
{"id":831,"date":"2021-11-05T11:51:56","date_gmt":"2021-11-05T10:51:56","guid":{"rendered":"https:\/\/www.pan-ol.lublin.pl\/?p=831"},"modified":"2021-11-23T10:11:49","modified_gmt":"2021-11-23T09:11:49","slug":"19-20-11-2021-r-v-podlasko-ukrainska-konferencja-naukowa-jezyk-ukrainski-w-przestrzeni-kulturowej-podlasia","status":"publish","type":"post","link":"https:\/\/lublin.pan.pl\/pl\/2021\/11\/05\/19-20-11-2021-r-v-podlasko-ukrainska-konferencja-naukowa-jezyk-ukrainski-w-przestrzeni-kulturowej-podlasia\/","title":{"rendered":"19-20.11.2021 r &#8211; V Podlasko Ukrai\u0144ska Konferencja Naukowa \u201eJ\u0119zyk ukrai\u0144ski w przestrzeni kulturowej Podlasia\u201d,"},"content":{"rendered":"<p style=\"text-align: center;\">Mamy zaszczyt zaprosi\u0107 na V Podlask\u0105 Ukrai\u0144sk\u0105 Konferencj\u0119 Naukow\u0105 \u201eJ\u0119zyk ukrai\u0144ski w przestrzeni kulturowej Podlasia\u201d<br \/>\nkt\u00f3ra odb\u0119dzie si\u0119 19-20 listopada 2021 r. w Bielsku Podlaskim<\/p>\n<p><strong>Miejsce obrad konferencji:<\/strong><br \/>\nBielski Dom Kultury<br \/>\nBielsk Podlaski, ul. 3 Maja 2<\/p>\n<p><strong>Organizator konferencji:<\/strong> Podlaski Instytut Naukowy<br \/>\n<strong>Wsp\u00f3\u0142organizatorzy:<\/strong> Instytut J\u0119zyka Ukrai\u0144skiego Narodowej Akademii Nauk Ukrainy,<br \/>\nKomisja Polsko-Ukrai\u0144skich Zwi\u0105zk\u00f3w Kulturowych Polskiej Akademii Nauk Oddzia\u0142 w Lublinie,<br \/>\nTowarzystwo Naukowe Warszawskie, Zwi\u0105zek Ukrai\u0144c\u00f3w Podlasia,<br \/>\nCentrum Edukacji Nauczycieli w Bia\u0142ymstoku, Bielski Dom Kultury.<\/p>\n<p>Szczeg\u00f3\u0142owy program konferencji:\u00a0 <a href=\"https:\/\/www.pninstytut.org\/pl\/podlaska-ukrainska-konferencja-naukowa\/v-pukn\/\">https:\/\/www.pninstytut.org\/pl\/podlaska-ukrainska-konferencja-naukowa\/v-pukn\/<\/a><\/p>\n<p>Informujemy r\u00f3wnie\u017c, \u017ce w sieci\u00a0<strong>Facebook\u00a0<\/strong>zosta\u0142o utworzone\u00a0<strong>wydarzenie o<\/strong> konferencji: <a href=\"https:\/\/www.facebook.com\/events\/250831583754037\">https:\/\/www.facebook.com\/events\/250831583754037<\/a><\/p>\n","protected":false},"excerpt":{"rendered":"<p>Mamy zaszczyt zaprosi\u0107 na V Podlask\u0105 Ukrai\u0144sk\u0105 Konferencj\u0119 Naukow\u0105 \u201eJ\u0119zyk ukrai\u0144ski w przestrzeni kulturowej Podlasia\u201d kt\u00f3ra odb\u0119dzie si\u0119 19-20 listopada 2021 r. w Bielsku Podlaskim Miejsce obrad konferencji: Bielski Dom Kultury Bielsk Podlaski, ul. 3 Maja 2 Organizator konferencji: Podlaski Instytut Naukowy Wsp\u00f3\u0142organizatorzy: Instytut J\u0119zyka Ukrai\u0144skiego Narodowej Akademii Nauk Ukrainy, Komisja Polsko-Ukrai\u0144skich Zwi\u0105zk\u00f3w Kulturowych Polskiej [&hellip;]<\/p>\n","protected":false},"author":2,"featured_media":850,"comment_status":"open","ping_status":"open","sticky":false,"template":"","format":"standard","meta":[],"categories":[7],"tags":[],"_links":{"self":[{"href":"https:\/\/lublin.pan.pl\/pl\/wp-json\/wp\/v2\/posts\/831"}],"collection":[{"href":"https:\/\/lublin.pan.pl\/pl\/wp-json\/wp\/v2\/posts"}],"about":[{"href":"https:\/\/lublin.pan.pl\/pl\/wp-json\/wp\/v2\/types\/post"}],"author":[{"embeddable":true,"href":"https:\/\/lublin.pan.pl\/pl\/wp-json\/wp\/v2\/users\/2"}],"replies":[{"embeddable":true,"href":"https:\/\/lublin.pan.pl\/pl\/wp-json\/wp\/v2\/comments?post=831"}],"version-history":[{"count":3,"href":"https:\/\/lublin.pan.pl\/pl\/wp-json\/wp\/v2\/posts\/831\/revisions"}],"predecessor-version":[{"id":834,"href":"https:\/\/lublin.pan.pl\/pl\/wp-json\/wp\/v2\/posts\/831\/revisions\/834"}],"wp:featuredmedia":[{"embeddable":true,"href":"https:\/\/lublin.pan.pl\/pl\/wp-json\/wp\/v2\/media\/850"}],"wp:attachment":[{"href":"https:\/\/lublin.pan.pl\/pl\/wp-json\/wp\/v2\/media?parent=831"}],"wp:term":[{"taxonomy":"category","embeddable":true,"href":"https:\/\/lublin.pan.pl\/pl\/wp-json\/wp\/v2\/categories?post=831"},{"taxonomy":"post_tag","embeddable":true,"href":"https:\/\/lublin.pan.pl\/pl\/wp-json\/wp\/v2\/tags?post=831"}],"curies":[{"name":"wp","href":"https:\/\/api.w.org\/{rel}","templated":true}]}}