
{"id":327,"date":"2020-09-21T11:46:07","date_gmt":"2020-09-21T09:46:07","guid":{"rendered":"https:\/\/www.pan-ol.lublin.pl\/?p=327"},"modified":"2020-09-22T11:08:41","modified_gmt":"2020-09-22T09:08:41","slug":"9-10-pazdziernika-2020-wiedza-w-akademii-i-poza-akademia","status":"publish","type":"post","link":"https:\/\/lublin.pan.pl\/pl\/2020\/09\/21\/9-10-pazdziernika-2020-wiedza-w-akademii-i-poza-akademia\/","title":{"rendered":"9-10 pa\u017adziernika 2020, Konferencja: Wiedza w akademii i poza akademi\u0105"},"content":{"rendered":"<p><strong>Organizatorami konferencji s\u0105:<\/strong><\/p>\n<p><span style=\"display: inline !important; float: none; background-color: transparent; color: #333333; cursor: text; font-family: Georgia,'Times New Roman','Bitstream Charter',Times,serif; font-size: 16px; font-style: normal; font-variant: normal; font-weight: 400; letter-spacing: normal; orphans: 2; text-align: left; text-decoration: none; text-indent: 0px; text-transform: none; -webkit-text-stroke-width: 0px; white-space: normal; word-spacing: 0px;\">&#8211; Oddzia\u0142 PAN w Lublinie, Komisja Filozoficzna PAN Oddzia\u0142 w Lublinie<\/span><br \/>\n<span style=\"display: inline !important; float: none; background-color: transparent; color: #333333; cursor: text; font-family: Georgia,'Times New Roman','Bitstream Charter',Times,serif; font-size: 16px; font-style: normal; font-variant: normal; font-weight: 400; letter-spacing: normal; orphans: 2; text-align: left; text-decoration: none; text-indent: 0px; text-transform: none; -webkit-text-stroke-width: 0px; white-space: normal; word-spacing: 0px;\">&#8211; Instytut Filozofii UMCS, Lublin<\/span><br \/>\n<span style=\"display: inline !important; float: none; background-color: transparent; color: #333333; cursor: text; font-family: Georgia,'Times New Roman','Bitstream Charter',Times,serif; font-size: 16px; font-style: normal; font-variant: normal; font-weight: 400; letter-spacing: normal; orphans: 2; text-align: left; text-decoration: none; text-indent: 0px; text-transform: none; -webkit-text-stroke-width: 0px; white-space: normal; word-spacing: 0px;\">&#8211; Polskie Towarzystwo Filozoficzne Oddzia\u0142 w Lublinie<\/span><\/p>\n<p><strong>Miejsce konferencji:<\/strong><\/p>\n<p>I dzie\u0144 obrad:<br \/>\nPa\u0142ac Czartoryskich, siedziba Oddzia\u0142u PAN w Lublinie, Plac Litewski 2, Lublin<\/p>\n<p>II dzie\u0144 obrad:<br \/>\nInstytut Filozofii UMCS, Plac Marii Curie-Sk\u0142odowskiej 4 , Lublin<\/p>\n<p>&nbsp;<\/p>\n","protected":false},"excerpt":{"rendered":"<p>Organizatorami konferencji s\u0105: &#8211; Oddzia\u0142 PAN w Lublinie, Komisja Filozoficzna PAN Oddzia\u0142 w Lublinie &#8211; Instytut Filozofii UMCS, Lublin &#8211; Polskie Towarzystwo Filozoficzne Oddzia\u0142 w Lublinie Miejsce konferencji: I dzie\u0144 obrad: Pa\u0142ac Czartoryskich, siedziba Oddzia\u0142u PAN w Lublinie, Plac Litewski 2, Lublin II dzie\u0144 obrad: Instytut Filozofii UMCS, Plac Marii Curie-Sk\u0142odowskiej 4 , Lublin &nbsp;<\/p>\n","protected":false},"author":2,"featured_media":0,"comment_status":"open","ping_status":"open","sticky":false,"template":"","format":"standard","meta":[],"categories":[7],"tags":[],"_links":{"self":[{"href":"https:\/\/lublin.pan.pl\/pl\/wp-json\/wp\/v2\/posts\/327"}],"collection":[{"href":"https:\/\/lublin.pan.pl\/pl\/wp-json\/wp\/v2\/posts"}],"about":[{"href":"https:\/\/lublin.pan.pl\/pl\/wp-json\/wp\/v2\/types\/post"}],"author":[{"embeddable":true,"href":"https:\/\/lublin.pan.pl\/pl\/wp-json\/wp\/v2\/users\/2"}],"replies":[{"embeddable":true,"href":"https:\/\/lublin.pan.pl\/pl\/wp-json\/wp\/v2\/comments?post=327"}],"version-history":[{"count":3,"href":"https:\/\/lublin.pan.pl\/pl\/wp-json\/wp\/v2\/posts\/327\/revisions"}],"predecessor-version":[{"id":330,"href":"https:\/\/lublin.pan.pl\/pl\/wp-json\/wp\/v2\/posts\/327\/revisions\/330"}],"wp:attachment":[{"href":"https:\/\/lublin.pan.pl\/pl\/wp-json\/wp\/v2\/media?parent=327"}],"wp:term":[{"taxonomy":"category","embeddable":true,"href":"https:\/\/lublin.pan.pl\/pl\/wp-json\/wp\/v2\/categories?post=327"},{"taxonomy":"post_tag","embeddable":true,"href":"https:\/\/lublin.pan.pl\/pl\/wp-json\/wp\/v2\/tags?post=327"}],"curies":[{"name":"wp","href":"https:\/\/api.w.org\/{rel}","templated":true}]}}