
{"id":2143,"date":"2025-10-03T12:29:20","date_gmt":"2025-10-03T10:29:20","guid":{"rendered":"https:\/\/lublin.pan.pl\/?p=2143"},"modified":"2025-10-07T12:50:25","modified_gmt":"2025-10-07T10:50:25","slug":"7-9-pazdziernika-2025-r-v-miedzynarodowa-konferencja-patrystyczna-synodalnosc-we-wczesnym-chrzescijanstwie","status":"publish","type":"post","link":"https:\/\/lublin.pan.pl\/pl\/2025\/10\/03\/7-9-pazdziernika-2025-r-v-miedzynarodowa-konferencja-patrystyczna-synodalnosc-we-wczesnym-chrzescijanstwie\/","title":{"rendered":"7-9 pa\u017adziernika 2025 r. &#8211; V Mi\u0119dzynarodowa Konferencja Patrystyczna &#8222;Synodalno\u015b\u0107 we wczesnym chrze\u015bcija\u0144stwie&#8221;"},"content":{"rendered":"<p style=\"text-align: center;\">Pod patronatem\u00a0 naukowym<\/p>\n<p style=\"text-align: center;\"><strong>Komisji Teologii PAN Oddzia\u0142 w Lublinie<\/strong><\/p>\n<p style=\"text-align: center;\">odb\u0119dzie si\u0119<\/p>\n<p style=\"text-align: center;\"><strong>V Mi\u0119dzynarodowa Konferencja Patrystyczna<\/strong><br \/>\n<strong>\u00a0<\/strong><\/p>\n<p style=\"text-align: center;\"><strong>Synodalno\u015b\u0107 we wczesnym chrze\u015bcija\u0144stwie<\/strong><\/p>\n<p style=\"text-align: center;\"><strong>Organizator:<\/strong><\/p>\n<p style=\"text-align: center;\"><strong>&#8211; Katedra Patrologii Greckiej\u00a0 i \u0141aci\u0144skiej KUL<\/strong><\/p>\n<p>&nbsp;<\/p>\n<p style=\"text-align: center;\"><strong>Linki do transmisji z poszczeg\u00f3lnych dni konferencji:<\/strong><\/p>\n<p style=\"text-align: center;\">7.10.2025\u00a0<a href=\"https:\/\/youtube.com\/live\/E8b2Ip6tyyc?feature=share\">https:\/\/youtube.com\/live\/E8b2Ip6tyyc?feature=share<\/a><br \/>\n8.10.2025\u00a0<a href=\"https:\/\/youtube.com\/live\/YlJV85qzhM0?feature=share\">https:\/\/youtube.com\/live\/YlJV85qzhM0?feature=share<\/a><br \/>\n9.10.2025\u00a0<a href=\"https:\/\/youtube.com\/live\/tI8ZxgfC_gM?feature=share\">https:\/\/youtube.com\/live\/tI8ZxgfC_gM?feature=share<\/a><\/p>\n<p style=\"text-align: center;\"><span style=\"color: #ff0000;\"><strong>Program konferencji: <a href=\"https:\/\/lublin.pan.pl\/wp-content\/uploads\/2025\/10\/plakat_2025_konferencja_patrystyczna.pdf\">do pobrania<\/a><\/strong><\/span><\/p>\n<p>&nbsp;<\/p>\n<p>&nbsp;<\/p>\n<p><img loading=\"lazy\" class=\"aligncenter wp-image-2147\" src=\"https:\/\/lublin.pan.pl\/wp-content\/uploads\/2025\/10\/plakat_2025_konferencja_patrystyczna-1-212x300.jpg\" alt=\"\" width=\"330\" height=\"466\" srcset=\"https:\/\/lublin.pan.pl\/wp-content\/uploads\/2025\/10\/plakat_2025_konferencja_patrystyczna-1-212x300.jpg 212w, https:\/\/lublin.pan.pl\/wp-content\/uploads\/2025\/10\/plakat_2025_konferencja_patrystyczna-1-724x1024.jpg 724w, https:\/\/lublin.pan.pl\/wp-content\/uploads\/2025\/10\/plakat_2025_konferencja_patrystyczna-1-768x1086.jpg 768w, https:\/\/lublin.pan.pl\/wp-content\/uploads\/2025\/10\/plakat_2025_konferencja_patrystyczna-1-1086x1536.jpg 1086w, https:\/\/lublin.pan.pl\/wp-content\/uploads\/2025\/10\/plakat_2025_konferencja_patrystyczna-1-1448x2048.jpg 1448w, https:\/\/lublin.pan.pl\/wp-content\/uploads\/2025\/10\/plakat_2025_konferencja_patrystyczna-1-scaled.jpg 1811w\" sizes=\"(max-width: 330px) 100vw, 330px\" \/><\/p>\n","protected":false},"excerpt":{"rendered":"<p>Pod patronatem\u00a0 naukowym Komisji Teologii PAN Oddzia\u0142 w Lublinie odb\u0119dzie si\u0119 V Mi\u0119dzynarodowa Konferencja Patrystyczna \u00a0 Synodalno\u015b\u0107 we wczesnym chrze\u015bcija\u0144stwie Organizator: &#8211; Katedra Patrologii Greckiej\u00a0 i \u0141aci\u0144skiej KUL &nbsp; Linki do transmisji z poszczeg\u00f3lnych dni konferencji: 7.10.2025\u00a0https:\/\/youtube.com\/live\/E8b2Ip6tyyc?feature=share 8.10.2025\u00a0https:\/\/youtube.com\/live\/YlJV85qzhM0?feature=share 9.10.2025\u00a0https:\/\/youtube.com\/live\/tI8ZxgfC_gM?feature=share Program konferencji: do pobrania &nbsp; &nbsp;<\/p>\n","protected":false},"author":2,"featured_media":2147,"comment_status":"open","ping_status":"open","sticky":false,"template":"","format":"standard","meta":[],"categories":[7,1],"tags":[],"_links":{"self":[{"href":"https:\/\/lublin.pan.pl\/pl\/wp-json\/wp\/v2\/posts\/2143"}],"collection":[{"href":"https:\/\/lublin.pan.pl\/pl\/wp-json\/wp\/v2\/posts"}],"about":[{"href":"https:\/\/lublin.pan.pl\/pl\/wp-json\/wp\/v2\/types\/post"}],"author":[{"embeddable":true,"href":"https:\/\/lublin.pan.pl\/pl\/wp-json\/wp\/v2\/users\/2"}],"replies":[{"embeddable":true,"href":"https:\/\/lublin.pan.pl\/pl\/wp-json\/wp\/v2\/comments?post=2143"}],"version-history":[{"count":4,"href":"https:\/\/lublin.pan.pl\/pl\/wp-json\/wp\/v2\/posts\/2143\/revisions"}],"predecessor-version":[{"id":2150,"href":"https:\/\/lublin.pan.pl\/pl\/wp-json\/wp\/v2\/posts\/2143\/revisions\/2150"}],"wp:featuredmedia":[{"embeddable":true,"href":"https:\/\/lublin.pan.pl\/pl\/wp-json\/wp\/v2\/media\/2147"}],"wp:attachment":[{"href":"https:\/\/lublin.pan.pl\/pl\/wp-json\/wp\/v2\/media?parent=2143"}],"wp:term":[{"taxonomy":"category","embeddable":true,"href":"https:\/\/lublin.pan.pl\/pl\/wp-json\/wp\/v2\/categories?post=2143"},{"taxonomy":"post_tag","embeddable":true,"href":"https:\/\/lublin.pan.pl\/pl\/wp-json\/wp\/v2\/tags?post=2143"}],"curies":[{"name":"wp","href":"https:\/\/api.w.org\/{rel}","templated":true}]}}