
{"id":2077,"date":"2025-06-11T14:12:14","date_gmt":"2025-06-11T12:12:14","guid":{"rendered":"https:\/\/www.pan-ol.lublin.pl\/?p=2077"},"modified":"2025-06-11T14:14:26","modified_gmt":"2025-06-11T12:14:26","slug":"nagroda-naukowa-oddzialu-pan-w-lublinie-dla-mlodych-pracownikow-naukowych","status":"publish","type":"post","link":"https:\/\/lublin.pan.pl\/pl\/2025\/06\/11\/nagroda-naukowa-oddzialu-pan-w-lublinie-dla-mlodych-pracownikow-naukowych\/","title":{"rendered":"\u201eNagroda Naukowa Oddzia\u0142u PAN w Lublinie dla m\u0142odych pracownik\u00f3w naukowych&#8221;"},"content":{"rendered":"<p>Uprzejmie przypominam<span style=\"color: #000000;\">y, <\/span><span style=\"color: #ff0000;\"><strong><span style=\"color: #000000;\">\u017ce\u00a0<\/span> 30.06.2025 r. up\u0142ywa termin<\/strong> <strong>sk\u0142adania wniosk\u00f3w o<\/strong><\/span> <strong>\u201eNagrod\u0119 Naukow\u0105 Oddzia\u0142u PAN w Lublinie<\/strong><strong> dla m\u0142odych pracownik\u00f3w naukowych\u201d<\/strong> przyznawanej za najlepsz\u0105 oryginaln\u0105 prac\u0119 naukow\u0105 o charakterze tw\u00f3rczym z terenu dzia\u0142alno\u015bci Oddzia\u0142u za 2024 r.<\/p>\n<p>&nbsp;<\/p>\n<p>Obecnie jest to pi\u0119\u0107 r\u00f3wnorz\u0119dnych nagr\u00f3d pieni\u0119\u017cnych, po jednej z pi\u0119ciu dziedzin nauki, w wysoko\u015bci 4. 000 z\u0142 ka\u017cda. \u015brodki pochodz\u0105 z puli Prezesa Polskiej Akademii Nauk, za\u015b uroczyste wr\u0119czenie nagr\u00f3d nast\u0105pi podczas jesiennej sesji Zgromadzenia Og\u00f3lnego Oddzia\u0142u PAN w Lublinie.<\/p>\n<p>Rozpatrywane b\u0119d\u0105 prace z dziedzin:<\/p>\n<ul>\n<li>nauk humanistycznych i spo\u0142ecznych,<\/li>\n<li>nauk biologicznych i rolniczych,<\/li>\n<li>nauk \u015bcis\u0142ych i nauk o Ziemi,<\/li>\n<li>nauk technicznych,<\/li>\n<li>nauk medycznych.<\/li>\n<\/ul>\n<p><strong>Warunki przyznawania Nagrody, w tym m.in. regulamin, terminy i formularz zg\u0142oszeniowy znajduj\u0105 si\u0119 na stronie Oddzia\u0142u w zak\u0142adce: <a href=\"https:\/\/www.pan-ol.lublin.pl\/pl\/nagroda\/informacje\/\">Nagroda Prezesa<\/a><\/strong><\/p>\n<p>&nbsp;<\/p>\n","protected":false},"excerpt":{"rendered":"<p>Uprzejmie przypominamy, \u017ce\u00a0 30.06.2025 r. up\u0142ywa termin sk\u0142adania wniosk\u00f3w o \u201eNagrod\u0119 Naukow\u0105 Oddzia\u0142u PAN w Lublinie dla m\u0142odych pracownik\u00f3w naukowych\u201d przyznawanej za najlepsz\u0105 oryginaln\u0105 prac\u0119 naukow\u0105 o charakterze tw\u00f3rczym z terenu dzia\u0142alno\u015bci Oddzia\u0142u za 2024 r. &nbsp; Obecnie jest to pi\u0119\u0107 r\u00f3wnorz\u0119dnych nagr\u00f3d pieni\u0119\u017cnych, po jednej z pi\u0119ciu dziedzin nauki, w wysoko\u015bci 4. 000 z\u0142 [&hellip;]<\/p>\n","protected":false},"author":2,"featured_media":1809,"comment_status":"open","ping_status":"open","sticky":false,"template":"","format":"standard","meta":[],"categories":[7,1],"tags":[],"_links":{"self":[{"href":"https:\/\/lublin.pan.pl\/pl\/wp-json\/wp\/v2\/posts\/2077"}],"collection":[{"href":"https:\/\/lublin.pan.pl\/pl\/wp-json\/wp\/v2\/posts"}],"about":[{"href":"https:\/\/lublin.pan.pl\/pl\/wp-json\/wp\/v2\/types\/post"}],"author":[{"embeddable":true,"href":"https:\/\/lublin.pan.pl\/pl\/wp-json\/wp\/v2\/users\/2"}],"replies":[{"embeddable":true,"href":"https:\/\/lublin.pan.pl\/pl\/wp-json\/wp\/v2\/comments?post=2077"}],"version-history":[{"count":1,"href":"https:\/\/lublin.pan.pl\/pl\/wp-json\/wp\/v2\/posts\/2077\/revisions"}],"predecessor-version":[{"id":2078,"href":"https:\/\/lublin.pan.pl\/pl\/wp-json\/wp\/v2\/posts\/2077\/revisions\/2078"}],"wp:featuredmedia":[{"embeddable":true,"href":"https:\/\/lublin.pan.pl\/pl\/wp-json\/wp\/v2\/media\/1809"}],"wp:attachment":[{"href":"https:\/\/lublin.pan.pl\/pl\/wp-json\/wp\/v2\/media?parent=2077"}],"wp:term":[{"taxonomy":"category","embeddable":true,"href":"https:\/\/lublin.pan.pl\/pl\/wp-json\/wp\/v2\/categories?post=2077"},{"taxonomy":"post_tag","embeddable":true,"href":"https:\/\/lublin.pan.pl\/pl\/wp-json\/wp\/v2\/tags?post=2077"}],"curies":[{"name":"wp","href":"https:\/\/api.w.org\/{rel}","templated":true}]}}