
{"id":2016,"date":"2025-05-26T13:03:11","date_gmt":"2025-05-26T11:03:11","guid":{"rendered":"https:\/\/www.pan-ol.lublin.pl\/?p=2016"},"modified":"2025-05-29T13:31:23","modified_gmt":"2025-05-29T11:31:23","slug":"warsztaty-innowacje-w-recyklingu-i-wykorzystaniu-odpadow-goz-w-nowoczesnym-agroprzemysle","status":"publish","type":"post","link":"https:\/\/lublin.pan.pl\/pl\/2025\/05\/26\/warsztaty-innowacje-w-recyklingu-i-wykorzystaniu-odpadow-goz-w-nowoczesnym-agroprzemysle\/","title":{"rendered":"5-6.06.2025 r. Warsztaty: Innowacje w Recyklingu i Wykorzystaniu Odpad\u00f3w GOZ w nowoczesnym Agroprzemysle"},"content":{"rendered":"<p style=\"text-align: center;\">Polska Akademia Nauk Oddzia\u0142 w Lublinie<\/p>\n<p style=\"text-align: center;\">&#8211; Komisja Rozwoju i Promocji Osi\u0105gni\u0119\u0107 M\u0142odych Naukowc\u00f3w<\/p>\n<p style=\"text-align: center;\">zaprasza na Warsztaty:<\/p>\n<p style=\"text-align: center;\"><strong>Innowacje w Recyklingu i Wykorzystaniu Odpad\u00f3w GOZ w nowoczesnym Agroprzemy\u015ble<\/strong><\/p>\n<p>&nbsp;<\/p>\n<p><strong>Program do <a href=\"https:\/\/www.pan-ol.lublin.pl\/wp-content\/uploads\/2025\/05\/Program_warsztatay_Innowacje-w-recyklingu_5-6.06.25.pdf\">pobrania<\/a>:<\/strong><\/p>\n<p>5-6.06.2025 r. Arena Lublin<\/p>\n<p>Dzie\u0144 1- (9:00-14:00) Gospodarka Obiegu Zamkni\u0119tego &#8211; wyzwania<\/p>\n<ul>\n<li>Czym jest gospodarka obiegu zamkni\u0119tego?<\/li>\n<li>Innowacje produktowe i procesowe przyk\u0142ady z przemys\u0142u<\/li>\n<li>Obieg zamkni\u0119ty w nowoczesnym\u00a0 aro-przemy\u015ble trendy i wyzwania<\/li>\n<li>Recykling tworzyw sztucznych \u2013 wyzwania i mo\u017cliwo\u015bci ponownego wykorzystania<\/li>\n<li>Analiza potencja\u0142u odpad\u00f3w rolniczych jako surowc\u00f3w wt\u00f3rnych<\/li>\n<\/ul>\n<p>Dzie\u0144 2 &#8211; (9:00-14:00) \u00a0Ekologiczne opakowania i wdra\u017canie nowych rozwi\u0105za\u0144<\/p>\n<ul>\n<li>Case study: Od odpad\u00f3w rolniczych do warto\u015bciowych materia\u0142\u00f3w \u2013 przyk\u0142ady z przemys\u0142u\u201d<\/li>\n<li>Recykling chemiczny \u2013 zaawansowane technologie odzysku surowc\u00f3w<\/li>\n<li>Projektowanie i testowanie ekologicznych opakowa\u0144 z odpad\u00f3w poprodukcyjnych<\/li>\n<li>Zr\u00f3wnowa\u017cone opakowania \u2013 przegl\u0105d standard\u00f3w i mo\u017cliwo\u015bci zastosowa\u0144<\/li>\n<li>Tworzenie strategii wdra\u017cania gospodarki obiegu zamkni\u0119tego w sektorze rolno-spo\u017cywczym<\/li>\n<\/ul>\n<p>&nbsp;<\/p>\n<p><strong><em>Korzy\u015bci z udzia\u0142u w warsztatach:<\/em><\/strong><\/p>\n<ul>\n<li>Praktyczna wiedza na temat zr\u00f3wnowa\u017conego zarz\u0105dzania zasobami.<\/li>\n<li>Umiej\u0119tno\u015bci analizy materia\u0142\u00f3w recyklingowych.<\/li>\n<li>Poznanie innowacyjnych rozwi\u0105za\u0144 technologicznych.<\/li>\n<li>Mo\u017cliwo\u015b\u0107 wsp\u00f3\u0142pracy i wymiany do\u015bwiadcze\u0144 ze specjalistami bran\u017cowy<\/li>\n<\/ul>\n<p>&nbsp;<\/p>\n<p><em>\u201eProjekt dofinansowany ze \u015brodk\u00f3w Polskiej Akademii Nauk\u201d<\/em><\/p>\n","protected":false},"excerpt":{"rendered":"<p>Polska Akademia Nauk Oddzia\u0142 w Lublinie &#8211; Komisja Rozwoju i Promocji Osi\u0105gni\u0119\u0107 M\u0142odych Naukowc\u00f3w zaprasza na Warsztaty: Innowacje w Recyklingu i Wykorzystaniu Odpad\u00f3w GOZ w nowoczesnym Agroprzemy\u015ble &nbsp; Program do pobrania: 5-6.06.2025 r. Arena Lublin Dzie\u0144 1- (9:00-14:00) Gospodarka Obiegu Zamkni\u0119tego &#8211; wyzwania Czym jest gospodarka obiegu zamkni\u0119tego? Innowacje produktowe i procesowe przyk\u0142ady z przemys\u0142u [&hellip;]<\/p>\n","protected":false},"author":2,"featured_media":2022,"comment_status":"open","ping_status":"open","sticky":false,"template":"","format":"standard","meta":[],"categories":[7,1],"tags":[],"_links":{"self":[{"href":"https:\/\/lublin.pan.pl\/pl\/wp-json\/wp\/v2\/posts\/2016"}],"collection":[{"href":"https:\/\/lublin.pan.pl\/pl\/wp-json\/wp\/v2\/posts"}],"about":[{"href":"https:\/\/lublin.pan.pl\/pl\/wp-json\/wp\/v2\/types\/post"}],"author":[{"embeddable":true,"href":"https:\/\/lublin.pan.pl\/pl\/wp-json\/wp\/v2\/users\/2"}],"replies":[{"embeddable":true,"href":"https:\/\/lublin.pan.pl\/pl\/wp-json\/wp\/v2\/comments?post=2016"}],"version-history":[{"count":6,"href":"https:\/\/lublin.pan.pl\/pl\/wp-json\/wp\/v2\/posts\/2016\/revisions"}],"predecessor-version":[{"id":2028,"href":"https:\/\/lublin.pan.pl\/pl\/wp-json\/wp\/v2\/posts\/2016\/revisions\/2028"}],"wp:featuredmedia":[{"embeddable":true,"href":"https:\/\/lublin.pan.pl\/pl\/wp-json\/wp\/v2\/media\/2022"}],"wp:attachment":[{"href":"https:\/\/lublin.pan.pl\/pl\/wp-json\/wp\/v2\/media?parent=2016"}],"wp:term":[{"taxonomy":"category","embeddable":true,"href":"https:\/\/lublin.pan.pl\/pl\/wp-json\/wp\/v2\/categories?post=2016"},{"taxonomy":"post_tag","embeddable":true,"href":"https:\/\/lublin.pan.pl\/pl\/wp-json\/wp\/v2\/tags?post=2016"}],"curies":[{"name":"wp","href":"https:\/\/api.w.org\/{rel}","templated":true}]}}