
{"id":1752,"date":"2024-08-25T12:57:54","date_gmt":"2024-08-25T10:57:54","guid":{"rendered":"https:\/\/www.pan-ol.lublin.pl\/?p=1752"},"modified":"2024-10-08T13:06:38","modified_gmt":"2024-10-08T11:06:38","slug":"12-15-09-2024-miedzynarodowa-konferencja-elmeco2024-electromagnetic-devices-and-processes-in-environment-protection","status":"publish","type":"post","link":"https:\/\/lublin.pan.pl\/pl\/2024\/08\/25\/12-15-09-2024-miedzynarodowa-konferencja-elmeco2024-electromagnetic-devices-and-processes-in-environment-protection\/","title":{"rendered":"12-15.09.2024 Mi\u0119dzynarodowa Konferencja ELMECO\u20192024 \u2013 Electromagnetic Devices and Processes in Environment Protection"},"content":{"rendered":"<p>Mi\u0119dzynarodowa Konferencja ELMECO \u2013 Electromagnetic Devices and Processes in Environment Protection \u2013 jest organizowana cyklicznie od 1994r. Ostatnia jubileuszowa konferencja ELMECO\u201910 odby\u0142a si\u0119 w Lublinie w dniach 26-27 maja 2022r roku i by\u0142a zorganizowana przez Katedr\u0119 Elektrotechnologii Wydzia\u0142u Elektrotechniki i Informatyki Politechniki Lubelskiej.<br \/>\nTegoroczna 11 konferencja ELMECO odb\u0119dzie w Lublinie w dniach 12-15 wrze\u015bnia 2024, a jej g\u0142\u00f3wnymi organizatorami s\u0105 Stowarzyszenie Elektryk\u00f3w Polskich, oddzia\u0142 lubelski i Katedra Elektrotechniki i Technologii Nadprzewodnikowych WEiI PL.<\/p>\n<p>Wsp\u00f3\u0142organizatorami mi\u0119dzynarodowej konferencji ELMECO s\u0105 tradycyjnie: Sekcja Materia\u0142\u00f3w i Technologii Elektrotechnicznych KE PAN, Polskie Towarzystwo Elektrotechniki Teoretycznej i Stosowanej, Wydzia\u0142 IV Nauk Technicznych Lubelskiego Towarzystwa Naukowego, <strong>Komisja Chemii Plazmy Niskotemperaturowej Oddzia\u0142u Lubelskiego PAN<\/strong> i Stowarzyszenie Elektryk\u00f3w Polskich Oddzia\u0142 w Lublinie.<\/p>\n<p><strong>Szczeg\u00f3\u0142owe informacje dost\u0119pne s\u0105 na stronie:\u00a0<a href=\"https:\/\/elmeco.pollub.pl\/contact\">https:\/\/elmeco.pollub.pl\/contact<\/a><\/strong><\/p>\n<p><strong>Program Konferencji <\/strong>:<a href=\"https:\/\/www.pan-ol.lublin.pl\/wp-content\/uploads\/2024\/10\/Conference-Program.pdf\">https:\/\/www.pan-ol.lublin.pl\/wp-content\/uploads\/2024\/10\/Conference-Program.pdf<\/a><\/p>\n<p>G\u0142\u00f3wnym celem konferencji ELMECO jest upowszechnianie wynik\u00f3w bada\u0144, nawi\u0105zywanie i utrzymanie kontakt\u00f3w z partnerami krajowymi i zagranicznymi dla sta\u0142ej wymiany do\u015bwiadcze\u0144 oraz podejmowanie wsp\u00f3lnych projekt\u00f3w mi\u0119dzynarodowych w obszarze prac badawczo rozwojowych i wdro\u017ceniowych.<br \/>\nZr\u00f3wnowa\u017cony rozw\u00f3j system\u00f3w energetycznych oraz stan \u015brodowiska naturalnego i elektromagnetycznego wymagaj\u0105 rozwijania i wdra\u017cania technologii zmniejszaj\u0105cych skutki wytwarzania, przetwarzania i dystrybucji energii elektrycznej, takich jak: straty, zanieczyszczenie \u015brodowiska, obni\u017canie jako\u015bci energii elektrycznej, zak\u0142\u00f3cenia elektromagnetyczne i akustyczne, smog elektromagnetyczny, za\u015b technologie nadprzewodnikowe i plazmowe, technologie energii odnawialnej i wykorzystanie zjawisk z dziedziny elektromagnetyzmu mog\u0105 si\u0119 przyczyni\u0107 do poprawy tej sytuacji, dostarczaj\u0105c innowacyjnych rozwi\u0105za\u0144 wymienionych problem\u00f3w. Problematyka konferencji ELMECO po\u015bwi\u0119cona jest technologiom elektromagnetycznym i ich wykorzystaniu w energetyce i ekologii.<\/p>\n<p>Badania w tym zakresie prowadzone s\u0105 w Politechnice Lubelskiej na Wydziale Elektrotechniki i Informatyki w by\u0142ej Katedrze Elektrotechniki i Elektrotechnologii i kontynuowane w obecnej Katedrze Elektrotechniki i Technologii Nadprzewodnikowych od wczesnych lat osiemdziesi\u0105tych XX wieku, w takich obszarach, jak: technologie elektromagnetyczne, nietermicznej plazmy, energetyki odnawialnej i nadprzewodnictwa w ramach wsp\u00f3\u0142pracy mi\u0119dzynarodowej z Japoni\u0105, Ukrain\u0105, Wielk\u0105 Brytani\u0105, Francj\u0105, Czechami oraz w programach badawczych krajowych i mi\u0119dzynarodowych oraz pod patronatem IEEE, KE PAN, PTETiS, LTN, OL PAN, SEP.<\/p>\n<p>Na wniosek cz\u0142onk\u00f3w Stowarzyszenia Elektryk\u00f3w Polskich, oddzia\u0142 lubelski, ELMECO 2024 uzyska\u0142o dofinasowanie Ministerstwa Nauki i Szkolnictwa Wy\u017cszego w programie Doskona\u0142a Nauka II, co pozwoli na pokrycie koszt\u00f3w zaproszenia wyk\u0142adowc\u00f3w z kraju i zagranicy, z kt\u00f3rymi wsp\u00f3\u0142pracuje Wydzia\u0142 Elektrotechniki i Informatyki, kt\u00f3ry w 2024 roku obchodzi jubileusz 60 dzia\u0142alno\u015bci naukowo-dydaktycznej.<\/p>\n","protected":false},"excerpt":{"rendered":"<p>Mi\u0119dzynarodowa Konferencja ELMECO \u2013 Electromagnetic Devices and Processes in Environment Protection \u2013 jest organizowana cyklicznie od 1994r. Ostatnia jubileuszowa konferencja ELMECO\u201910 odby\u0142a si\u0119 w Lublinie w dniach 26-27 maja 2022r roku i by\u0142a zorganizowana przez Katedr\u0119 Elektrotechnologii Wydzia\u0142u Elektrotechniki i Informatyki Politechniki Lubelskiej. Tegoroczna 11 konferencja ELMECO odb\u0119dzie w Lublinie w dniach 12-15 wrze\u015bnia 2024, [&hellip;]<\/p>\n","protected":false},"author":2,"featured_media":1756,"comment_status":"open","ping_status":"open","sticky":false,"template":"","format":"standard","meta":[],"categories":[7],"tags":[],"_links":{"self":[{"href":"https:\/\/lublin.pan.pl\/pl\/wp-json\/wp\/v2\/posts\/1752"}],"collection":[{"href":"https:\/\/lublin.pan.pl\/pl\/wp-json\/wp\/v2\/posts"}],"about":[{"href":"https:\/\/lublin.pan.pl\/pl\/wp-json\/wp\/v2\/types\/post"}],"author":[{"embeddable":true,"href":"https:\/\/lublin.pan.pl\/pl\/wp-json\/wp\/v2\/users\/2"}],"replies":[{"embeddable":true,"href":"https:\/\/lublin.pan.pl\/pl\/wp-json\/wp\/v2\/comments?post=1752"}],"version-history":[{"count":2,"href":"https:\/\/lublin.pan.pl\/pl\/wp-json\/wp\/v2\/posts\/1752\/revisions"}],"predecessor-version":[{"id":1755,"href":"https:\/\/lublin.pan.pl\/pl\/wp-json\/wp\/v2\/posts\/1752\/revisions\/1755"}],"wp:featuredmedia":[{"embeddable":true,"href":"https:\/\/lublin.pan.pl\/pl\/wp-json\/wp\/v2\/media\/1756"}],"wp:attachment":[{"href":"https:\/\/lublin.pan.pl\/pl\/wp-json\/wp\/v2\/media?parent=1752"}],"wp:term":[{"taxonomy":"category","embeddable":true,"href":"https:\/\/lublin.pan.pl\/pl\/wp-json\/wp\/v2\/categories?post=1752"},{"taxonomy":"post_tag","embeddable":true,"href":"https:\/\/lublin.pan.pl\/pl\/wp-json\/wp\/v2\/tags?post=1752"}],"curies":[{"name":"wp","href":"https:\/\/api.w.org\/{rel}","templated":true}]}}