
{"id":1604,"date":"2024-01-15T11:17:53","date_gmt":"2024-01-15T10:17:53","guid":{"rendered":"https:\/\/www.pan-ol.lublin.pl\/?p=1604"},"modified":"2024-02-14T11:18:42","modified_gmt":"2024-02-14T10:18:42","slug":"22-01-2024-posiedzenie-komisji-prawniczej-oddzialu-pan-w-lublinie","status":"publish","type":"post","link":"https:\/\/lublin.pan.pl\/pl\/2024\/01\/15\/22-01-2024-posiedzenie-komisji-prawniczej-oddzialu-pan-w-lublinie\/","title":{"rendered":"22.01.2024 &#8211; posiedzenie Komisji Prawniczej Oddzia\u0142u PAN w Lublinie"},"content":{"rendered":"<p>22 stycznia 2024 r. w siedzibie\u00a0 Oddzia\u0142u PAN w Lublinie, przy ul. Spokojnej 1 (Collegium Iuridicum KUL) odb\u0119dzie si\u0119 posiedzenie oddzia\u0142owej Komisji Prawniczej, podczas kt\u00f3rego dr hab. Pawe\u0142 Buco\u0144 wyg\u0142osi referat nt. \u201ePrawo do zawarcia ma\u0142\u017ce\u0144stwa i prawo do za\u0142o\u017cenia rodziny. Aspekt prawno-por\u00f3wnawczy\u201d.<\/p>\n<p>&nbsp;<\/p>\n<p>&nbsp;<\/p>\n<p>&nbsp;<\/p>\n<p>&nbsp;<\/p>\n","protected":false},"excerpt":{"rendered":"<p>22 stycznia 2024 r. w siedzibie\u00a0 Oddzia\u0142u PAN w Lublinie, przy ul. Spokojnej 1 (Collegium Iuridicum KUL) odb\u0119dzie si\u0119 posiedzenie oddzia\u0142owej Komisji Prawniczej, podczas kt\u00f3rego dr hab. Pawe\u0142 Buco\u0144 wyg\u0142osi referat nt. \u201ePrawo do zawarcia ma\u0142\u017ce\u0144stwa i prawo do za\u0142o\u017cenia rodziny. Aspekt prawno-por\u00f3wnawczy\u201d. &nbsp; &nbsp; &nbsp; &nbsp;<\/p>\n","protected":false},"author":2,"featured_media":850,"comment_status":"open","ping_status":"open","sticky":false,"template":"","format":"standard","meta":[],"categories":[7],"tags":[],"_links":{"self":[{"href":"https:\/\/lublin.pan.pl\/pl\/wp-json\/wp\/v2\/posts\/1604"}],"collection":[{"href":"https:\/\/lublin.pan.pl\/pl\/wp-json\/wp\/v2\/posts"}],"about":[{"href":"https:\/\/lublin.pan.pl\/pl\/wp-json\/wp\/v2\/types\/post"}],"author":[{"embeddable":true,"href":"https:\/\/lublin.pan.pl\/pl\/wp-json\/wp\/v2\/users\/2"}],"replies":[{"embeddable":true,"href":"https:\/\/lublin.pan.pl\/pl\/wp-json\/wp\/v2\/comments?post=1604"}],"version-history":[{"count":1,"href":"https:\/\/lublin.pan.pl\/pl\/wp-json\/wp\/v2\/posts\/1604\/revisions"}],"predecessor-version":[{"id":1605,"href":"https:\/\/lublin.pan.pl\/pl\/wp-json\/wp\/v2\/posts\/1604\/revisions\/1605"}],"wp:featuredmedia":[{"embeddable":true,"href":"https:\/\/lublin.pan.pl\/pl\/wp-json\/wp\/v2\/media\/850"}],"wp:attachment":[{"href":"https:\/\/lublin.pan.pl\/pl\/wp-json\/wp\/v2\/media?parent=1604"}],"wp:term":[{"taxonomy":"category","embeddable":true,"href":"https:\/\/lublin.pan.pl\/pl\/wp-json\/wp\/v2\/categories?post=1604"},{"taxonomy":"post_tag","embeddable":true,"href":"https:\/\/lublin.pan.pl\/pl\/wp-json\/wp\/v2\/tags?post=1604"}],"curies":[{"name":"wp","href":"https:\/\/api.w.org\/{rel}","templated":true}]}}