
{"id":1348,"date":"2023-05-26T09:26:31","date_gmt":"2023-05-26T07:26:31","guid":{"rendered":"https:\/\/www.pan-ol.lublin.pl\/?p=1348"},"modified":"2023-05-30T10:20:49","modified_gmt":"2023-05-30T08:20:49","slug":"15-16-06-2023-r-ogolnopolska-konferencja-pt-innowacje-w-praktyce-polaczona-z-wystawa-wynalazkow-i-technologii-innowings","status":"publish","type":"post","link":"https:\/\/lublin.pan.pl\/pl\/2023\/05\/26\/15-16-06-2023-r-ogolnopolska-konferencja-pt-innowacje-w-praktyce-polaczona-z-wystawa-wynalazkow-i-technologii-innowings\/","title":{"rendered":"15-16.06.2023 r. &#8211; Og\u00f3lnopolska Konferencja pt. \u201eInnowacje w Praktyce\u201d po\u0142\u0105czona z  Wystaw\u0105 Wynalazk\u00f3w i Technologii \u201eInnoWings\u201d"},"content":{"rendered":"<p>&nbsp;<\/p>\n<p style=\"text-align: center;\">Polska Akademia Nauk Oddzia\u0142 w Lublinie<\/p>\n<p style=\"text-align: center;\">wraz z naukowcami\u00a0 reprezentuj\u0105cymi krajowe plac\u00f3wki naukowe, w tym 5\u00a0 jednostek z Lublina<\/p>\n<p style=\"text-align: center;\">serdecznie zaprasza <strong>do aktywnego udzia\u0142u w Panelowych Spotkaniach Dyskusyjnych.<\/strong><\/p>\n<p>&nbsp;<\/p>\n<p style=\"text-align: center;\">Wzorem lat ubieg\u0142ych w dniach\u00a0<strong>15-16 czerwca 2023\u00a0<\/strong>w aulach Areny Lublin mo\u017cliwa b\u0119dzie prezentacja<\/p>\n<p style=\"text-align: center;\">innowacyjnych pomys\u0142\u00f3w opracowywanych w Pa\u0144stwa firmach lub o\u015brodkach naukowych \u00a0w ramach:<\/p>\n<p>&nbsp;<\/p>\n<p style=\"text-align: center;\"><strong>Og\u00f3lnopolskiej Konferencji <\/strong>pt. \u201e<strong>Innowacje w Praktyce\u201d<\/strong><\/p>\n<p style=\"text-align: center;\">Szczeg\u00f3\u0142y dotycz\u0105ce Konferencji oraz rejestracja dost\u0119pne s\u0105 na stronie internetowej: <a href=\"http:\/\/cine.edu.pl\/\">http:\/\/cine.edu.pl<\/a><\/p>\n<p style=\"text-align: center;\">Termin zg\u0142oszenia uczestnictwa do dnia 31.05.2023 r.<\/p>\n<p>&nbsp;<\/p>\n<p style=\"text-align: center;\"><strong>Wydarzeniem towarzysz\u0105cym Konferencji b\u0119dzie\u00a0Mi\u0119dzynarodowa Wystawa Wynalazk\u00f3w i Technologii \u201eInnoWings\u201d <\/strong><\/p>\n<p style=\"text-align: center;\">W Arenie Lublin b\u0119d\u0105 prezentowane postery i stoiska wystawiennicze, a poprzez stron\u0119 internetow\u0105 upowszechniane b\u0119d\u0105 prezentacje multimedialne zg\u0142oszone do konkursu. Szczeg\u00f3\u0142y i rejestracja na Wystaw\u0119 odbywa si\u0119 poprzez stron\u0119 internetow\u0105:\u00a0<strong><a href=\"http:\/\/innowings.pl\/\">http:\/\/innowings.pl<\/a><\/strong><\/p>\n<p>&nbsp;<\/p>\n<p><strong>Udzia\u0142 w Konkursie<\/strong><\/p>\n<p><strong> \u00a0<\/strong>InnoWings\u00a02023\u00a0<strong>: \u00a0<\/strong>system hybrydowy: 1200 PLN<\/p>\n<p>Stoisko promocyjno- wystawiennicze: 2500 PLN<\/p>\n<p>Termin zg\u0142osze\u0144 \u00a0do dnia 09.06.20223<\/p>\n<p>&nbsp;<\/p>\n<p><img loading=\"lazy\" class=\"aligncenter wp-image-1347\" src=\"https:\/\/www.pan-ol.lublin.pl\/wp-content\/uploads\/2023\/05\/reklama_v9_Innowcje-736x1024.jpg\" alt=\"\" width=\"590\" height=\"820\" srcset=\"https:\/\/lublin.pan.pl\/wp-content\/uploads\/2023\/05\/reklama_v9_Innowcje-736x1024.jpg 736w, https:\/\/lublin.pan.pl\/wp-content\/uploads\/2023\/05\/reklama_v9_Innowcje-216x300.jpg 216w, https:\/\/lublin.pan.pl\/wp-content\/uploads\/2023\/05\/reklama_v9_Innowcje-768x1068.jpg 768w, https:\/\/lublin.pan.pl\/wp-content\/uploads\/2023\/05\/reklama_v9_Innowcje-1105x1536.jpg 1105w, https:\/\/lublin.pan.pl\/wp-content\/uploads\/2023\/05\/reklama_v9_Innowcje-1473x2048.jpg 1473w, https:\/\/lublin.pan.pl\/wp-content\/uploads\/2023\/05\/reklama_v9_Innowcje-scaled.jpg 1841w\" sizes=\"(max-width: 590px) 100vw, 590px\" \/><\/p>\n<p>&nbsp;<\/p>\n","protected":false},"excerpt":{"rendered":"<p>&nbsp; Polska Akademia Nauk Oddzia\u0142 w Lublinie wraz z naukowcami\u00a0 reprezentuj\u0105cymi krajowe plac\u00f3wki naukowe, w tym 5\u00a0 jednostek z Lublina serdecznie zaprasza do aktywnego udzia\u0142u w Panelowych Spotkaniach Dyskusyjnych. &nbsp; Wzorem lat ubieg\u0142ych w dniach\u00a015-16 czerwca 2023\u00a0w aulach Areny Lublin mo\u017cliwa b\u0119dzie prezentacja innowacyjnych pomys\u0142\u00f3w opracowywanych w Pa\u0144stwa firmach lub o\u015brodkach naukowych \u00a0w ramach: &nbsp; [&hellip;]<\/p>\n","protected":false},"author":2,"featured_media":1346,"comment_status":"open","ping_status":"open","sticky":false,"template":"","format":"standard","meta":[],"categories":[7],"tags":[],"_links":{"self":[{"href":"https:\/\/lublin.pan.pl\/pl\/wp-json\/wp\/v2\/posts\/1348"}],"collection":[{"href":"https:\/\/lublin.pan.pl\/pl\/wp-json\/wp\/v2\/posts"}],"about":[{"href":"https:\/\/lublin.pan.pl\/pl\/wp-json\/wp\/v2\/types\/post"}],"author":[{"embeddable":true,"href":"https:\/\/lublin.pan.pl\/pl\/wp-json\/wp\/v2\/users\/2"}],"replies":[{"embeddable":true,"href":"https:\/\/lublin.pan.pl\/pl\/wp-json\/wp\/v2\/comments?post=1348"}],"version-history":[{"count":7,"href":"https:\/\/lublin.pan.pl\/pl\/wp-json\/wp\/v2\/posts\/1348\/revisions"}],"predecessor-version":[{"id":1361,"href":"https:\/\/lublin.pan.pl\/pl\/wp-json\/wp\/v2\/posts\/1348\/revisions\/1361"}],"wp:featuredmedia":[{"embeddable":true,"href":"https:\/\/lublin.pan.pl\/pl\/wp-json\/wp\/v2\/media\/1346"}],"wp:attachment":[{"href":"https:\/\/lublin.pan.pl\/pl\/wp-json\/wp\/v2\/media?parent=1348"}],"wp:term":[{"taxonomy":"category","embeddable":true,"href":"https:\/\/lublin.pan.pl\/pl\/wp-json\/wp\/v2\/categories?post=1348"},{"taxonomy":"post_tag","embeddable":true,"href":"https:\/\/lublin.pan.pl\/pl\/wp-json\/wp\/v2\/tags?post=1348"}],"curies":[{"name":"wp","href":"https:\/\/api.w.org\/{rel}","templated":true}]}}