
{"id":1214,"date":"2023-02-08T09:56:19","date_gmt":"2023-02-08T08:56:19","guid":{"rendered":"https:\/\/www.pan-ol.lublin.pl\/?p=1214"},"modified":"2023-02-08T10:27:41","modified_gmt":"2023-02-08T09:27:41","slug":"14-miedzynarodowa-konferencja-agrofizyczna-ica-2023-11-13-09-2023-lublin-polska","status":"publish","type":"post","link":"https:\/\/lublin.pan.pl\/pl\/2023\/02\/08\/14-miedzynarodowa-konferencja-agrofizyczna-ica-2023-11-13-09-2023-lublin-polska\/","title":{"rendered":"14. Mi\u0119dzynarodowa Konferencja Agrofizyczna (ICA 2023), 11-13.09.2023, Lublin, Polska"},"content":{"rendered":"<p>Organizatorzy:<\/p>\n<ul>\n<li>Instytut Agrofizyki PAN<\/li>\n<li>Fundacja Polskiej Akademii Nauk<\/li>\n<li>Polska Akademia Nauk Oddzia\u0142 w Lublinie<\/li>\n<\/ul>\n<p style=\"text-align: center;\">Instytut Agrofizyki PAN wraz ze wsp\u00f3\u0142organizatorami ma przyjemno\u015b\u0107 zaprosi\u0107 Pa\u0144stwa na zbli\u017caj\u0105c\u0105 si\u0119 14. Mi\u0119dzynarodow\u0105 Konferencj\u0119 Agrofizyczn\u0105, kt\u00f3ra odb\u0119dzie si\u0119 w Lublinie dniach 11-13 wrze\u015bnia 2023 r.<\/p>\n<p>Nasz\u0105 intencj\u0105 jest, aby ICA gromadzi\u0142a naukowc\u00f3w, kt\u00f3rych przedmiotem zainteresowania s\u0105 szeroko rozumiane: gleba, ro\u015bliny, \u017cywno\u015b\u0107, bioprodukty a tak\u017ce zmiany klimatyczne. Spotkanie w ramach Konferencji ma na celu stworzenie interdyscyplinarnego forum naukowego, kt\u00f3rego trosk\u0105 jest rozw\u00f3j zr\u00f3wnowa\u017conego rolnictwa i \u015brodowiska. Spodziewamy si\u0119 pozna\u0107 aktualny stan wiedzy oraz uzyska\u0107 opinie specjalist\u00f3w zajmuj\u0105cych si\u0119 podej\u015bciem zar\u00f3wno eksperymentalnym, jak i teoretycznym z r\u00f3\u017cnych dyscyplin naukowych. Wierzymy, \u017ce Wydarzenie b\u0119dzie doskona\u0142\u0105 okazj\u0105 do utrwalenia, nawi\u0105zania i rozwoju sieci kontakt\u00f3w dla przysz\u0142ych wsp\u00f3lnych bada\u0144 nad systemem gleba-ro\u015blina-klimat oraz umo\u017cliwi podj\u0119cie przysz\u0142ych bada\u0144, w tym w ramach wsp\u00f3lnych projekt\u00f3w. Olbrzymi\u0105 warto\u015bci\u0105 Konferencji ICA jest promocja Lubelskiego O\u015brodka Naukowego w szczeg\u00f3lno\u015bci Instytutu Agrofizyki PAN.<\/p>\n<ol start=\"14\">\n<li>ICA sk\u0142ada\u0107 si\u0119 b\u0119dzie z 6 warsztat\u00f3w:<\/li>\n<\/ol>\n<ul>\n<li>Struktura owocu<\/li>\n<li>R\u00f3\u017cnorodno\u015b\u0107 biologiczna mikroorganizm\u00f3w i odporno\u015b\u0107 ro\u015blin<\/li>\n<li>Biologia przemian \u2013 procesy mikrobiologiczne zwi\u0105zane z przemianami gaz\u00f3w cieplarnianych w ekosystemach naturalnych i agroekosystemach<\/li>\n<li>Metrologia i modelowanie proces\u00f3w agrofizycznych<\/li>\n<li>W\u0142a\u015bciwo\u015bci fizykochemiczne surowc\u00f3w ro\u015blinnych<\/li>\n<li>Fizykochemia degradacji i remediacji gleb<\/li>\n<\/ul>\n<p>Szczeg\u00f3\u0142owe informacj\u0119 na stronie: http:\/\/www.agrophysics.org\/<\/p>\n","protected":false},"excerpt":{"rendered":"<p>Organizatorzy: Instytut Agrofizyki PAN Fundacja Polskiej Akademii Nauk Polska Akademia Nauk Oddzia\u0142 w Lublinie Instytut Agrofizyki PAN wraz ze wsp\u00f3\u0142organizatorami ma przyjemno\u015b\u0107 zaprosi\u0107 Pa\u0144stwa na zbli\u017caj\u0105c\u0105 si\u0119 14. Mi\u0119dzynarodow\u0105 Konferencj\u0119 Agrofizyczn\u0105, kt\u00f3ra odb\u0119dzie si\u0119 w Lublinie dniach 11-13 wrze\u015bnia 2023 r. Nasz\u0105 intencj\u0105 jest, aby ICA gromadzi\u0142a naukowc\u00f3w, kt\u00f3rych przedmiotem zainteresowania s\u0105 szeroko rozumiane: gleba, [&hellip;]<\/p>\n","protected":false},"author":2,"featured_media":1217,"comment_status":"open","ping_status":"open","sticky":false,"template":"","format":"standard","meta":[],"categories":[7],"tags":[],"_links":{"self":[{"href":"https:\/\/lublin.pan.pl\/pl\/wp-json\/wp\/v2\/posts\/1214"}],"collection":[{"href":"https:\/\/lublin.pan.pl\/pl\/wp-json\/wp\/v2\/posts"}],"about":[{"href":"https:\/\/lublin.pan.pl\/pl\/wp-json\/wp\/v2\/types\/post"}],"author":[{"embeddable":true,"href":"https:\/\/lublin.pan.pl\/pl\/wp-json\/wp\/v2\/users\/2"}],"replies":[{"embeddable":true,"href":"https:\/\/lublin.pan.pl\/pl\/wp-json\/wp\/v2\/comments?post=1214"}],"version-history":[{"count":4,"href":"https:\/\/lublin.pan.pl\/pl\/wp-json\/wp\/v2\/posts\/1214\/revisions"}],"predecessor-version":[{"id":1219,"href":"https:\/\/lublin.pan.pl\/pl\/wp-json\/wp\/v2\/posts\/1214\/revisions\/1219"}],"wp:featuredmedia":[{"embeddable":true,"href":"https:\/\/lublin.pan.pl\/pl\/wp-json\/wp\/v2\/media\/1217"}],"wp:attachment":[{"href":"https:\/\/lublin.pan.pl\/pl\/wp-json\/wp\/v2\/media?parent=1214"}],"wp:term":[{"taxonomy":"category","embeddable":true,"href":"https:\/\/lublin.pan.pl\/pl\/wp-json\/wp\/v2\/categories?post=1214"},{"taxonomy":"post_tag","embeddable":true,"href":"https:\/\/lublin.pan.pl\/pl\/wp-json\/wp\/v2\/tags?post=1214"}],"curies":[{"name":"wp","href":"https:\/\/api.w.org\/{rel}","templated":true}]}}