
{"id":1060,"date":"2022-09-08T11:14:24","date_gmt":"2022-09-08T09:14:24","guid":{"rendered":"https:\/\/www.pan-ol.lublin.pl\/?p=1060"},"modified":"2022-09-08T11:44:41","modified_gmt":"2022-09-08T09:44:41","slug":"13-14-10-2022-r-miedzynarodowa-konferencja-jezykoznawcza-linguistics-beyond-and-within-2022-pod-patronatem-pan-oddzial-w-lublinie","status":"publish","type":"post","link":"https:\/\/lublin.pan.pl\/pl\/2022\/09\/08\/13-14-10-2022-r-miedzynarodowa-konferencja-jezykoznawcza-linguistics-beyond-and-within-2022-pod-patronatem-pan-oddzial-w-lublinie\/","title":{"rendered":"13-14.10.2022 r. &#8211; Mi\u0119dzynarodowa Konferencja J\u0119zykoznawcza Linguistics Beyond and Within 2022 pod patronatem PAN Oddzia\u0142 w Lublinie"},"content":{"rendered":"<p style=\"text-align: center;\">Mi\u0119dzynarodowa Konferencja J\u0119zykoznawcza Linguistics Beyond and Within 2022<\/p>\n<p style=\"text-align: center;\">pod patronatem Polskiej Akademi Nauk Oddzia\u0142 w Lublinie<\/p>\n<p style=\"text-align: center;\">odb\u0119dzie si\u0119 13-14 pa\u017adziernika 2022 r., online na Katolickim Uniwersytecie Lubelskim Jana Paw\u0142a II<\/p>\n<p>&nbsp;<\/p>\n<p>Szczeg\u00f3\u0142owe informacje i program dost\u0119pne s\u0105 na stronie internetowej:<a href=\"https:\/\/lingbaw.webclass.co\/\"> https:\/\/lingbaw.webclass.co\/<\/a><\/p>\n","protected":false},"excerpt":{"rendered":"<p>Mi\u0119dzynarodowa Konferencja J\u0119zykoznawcza Linguistics Beyond and Within 2022 pod patronatem Polskiej Akademi Nauk Oddzia\u0142 w Lublinie odb\u0119dzie si\u0119 13-14 pa\u017adziernika 2022 r., online na Katolickim Uniwersytecie Lubelskim Jana Paw\u0142a II &nbsp; Szczeg\u00f3\u0142owe informacje i program dost\u0119pne s\u0105 na stronie internetowej: https:\/\/lingbaw.webclass.co\/<\/p>\n","protected":false},"author":2,"featured_media":1062,"comment_status":"open","ping_status":"open","sticky":false,"template":"","format":"standard","meta":[],"categories":[7],"tags":[],"_links":{"self":[{"href":"https:\/\/lublin.pan.pl\/pl\/wp-json\/wp\/v2\/posts\/1060"}],"collection":[{"href":"https:\/\/lublin.pan.pl\/pl\/wp-json\/wp\/v2\/posts"}],"about":[{"href":"https:\/\/lublin.pan.pl\/pl\/wp-json\/wp\/v2\/types\/post"}],"author":[{"embeddable":true,"href":"https:\/\/lublin.pan.pl\/pl\/wp-json\/wp\/v2\/users\/2"}],"replies":[{"embeddable":true,"href":"https:\/\/lublin.pan.pl\/pl\/wp-json\/wp\/v2\/comments?post=1060"}],"version-history":[{"count":2,"href":"https:\/\/lublin.pan.pl\/pl\/wp-json\/wp\/v2\/posts\/1060\/revisions"}],"predecessor-version":[{"id":1073,"href":"https:\/\/lublin.pan.pl\/pl\/wp-json\/wp\/v2\/posts\/1060\/revisions\/1073"}],"wp:featuredmedia":[{"embeddable":true,"href":"https:\/\/lublin.pan.pl\/pl\/wp-json\/wp\/v2\/media\/1062"}],"wp:attachment":[{"href":"https:\/\/lublin.pan.pl\/pl\/wp-json\/wp\/v2\/media?parent=1060"}],"wp:term":[{"taxonomy":"category","embeddable":true,"href":"https:\/\/lublin.pan.pl\/pl\/wp-json\/wp\/v2\/categories?post=1060"},{"taxonomy":"post_tag","embeddable":true,"href":"https:\/\/lublin.pan.pl\/pl\/wp-json\/wp\/v2\/tags?post=1060"}],"curies":[{"name":"wp","href":"https:\/\/api.w.org\/{rel}","templated":true}]}}