
{"id":1008,"date":"2022-05-30T09:36:42","date_gmt":"2022-05-30T07:36:42","guid":{"rendered":"https:\/\/www.pan-ol.lublin.pl\/?p=1008"},"modified":"2022-08-04T10:55:56","modified_gmt":"2022-08-04T08:55:56","slug":"31-maja-2022-r-zebranie-otwarte-komisji-polsko-ukrainskich-zwiazkow-kulturowych-pan-oddzial-w-lublinie","status":"publish","type":"post","link":"https:\/\/lublin.pan.pl\/pl\/2022\/05\/30\/31-maja-2022-r-zebranie-otwarte-komisji-polsko-ukrainskich-zwiazkow-kulturowych-pan-oddzial-w-lublinie\/","title":{"rendered":"31 maja 2022 r. &#8211; zebranie otwarte Komisji Polsko-Ukrai\u0144skich Zwi\u0105zk\u00f3w Kulturowych PAN Oddzia\u0142 w Lublinie"},"content":{"rendered":"<p>Komisja Polsko-Ukrai\u0144skich Zwi\u0105zk\u00f3w Kulturowych PAN Oddzia\u0142 w Lublinie zaprasza na zebranie otwarte, kt\u00f3re odb\u0119dzie si\u0119 31 maja 2022 r., godz. 14.00, w siedzibie Oddzia\u0142u, przy ul. Spokojnej 1 w Lublinie.<\/p>\n<p>W programie:<\/p>\n<ol>\n<li>Otwarcie zebrania \u2013 prof. Miros\u0142awa O\u0142dakowska-Kuflowa.<\/li>\n<li>Wyst\u0105pienia zaproszonych go\u015bci.<\/li>\n<li>Przedstawienie sylwetki naukowej prof. Feliksa Czy\u017cewskiego \u2013 prof.\u00a0Halina Pelcowa, prof. Irena Jaros.<\/li>\n<li>Prezentacja tomu specjalnego czasopisma \u201eTeka Komisji Polsko-Ukrai\u0144skich Zwi\u0105zk\u00f3w Kulturowych\u201d, dedykowanego prof. Feliksowi Czy\u017cewskiemu \u2013 dr hab. Agnieszka Dudek-Szumigaj, dr hab. Marek Olejnik.<\/li>\n<li>Dyskusja.<\/li>\n<li>Sprawy bie\u017c\u0105ce.<\/li>\n<li>Wolne wnioski.<\/li>\n<\/ol>\n<p>W zebraniu b\u0119dzie mo\u017cna wzi\u0105\u0107 udzia\u0142 tak\u017ce online od godz. 14.20.<\/p>\n<p><strong>link do spotkania:<\/strong> <a href=\"https:\/\/teams.microsoft.com\/l\/meetup-join\/19%3a-cot5B5EJKkfqi5XfOCiE-nCYKWAUMmu-E-ywsDZR2M1%40thread.tacv2\/1653382867282?context=%7b%22Tid%22%3a%22c09e1b13-b101-4ccc-9d9b-05118a718591%22%2c%22Oid%22%3a%222185460d-e2bf-4be6-877c-6e3ca755e4c0%22%7d\">https:\/\/teams.microsoft.com\/l\/meetup-join\/19%3a-cot5B5EJKkfqi5XfOCiE-nCYKWAUMmu-E-ywsDZR2M1%40thread.tacv2\/1653382867282?context=%7b%22Tid%22%3a%22c09e1b13-b101-4ccc-9d9b-05118a718591%22%2c%22Oid%22%3a%222185460d-e2bf-4be6-877c-6e3ca755e4c0%22%7d<\/a><\/p>\n<p>&nbsp;<\/p>\n<p>&nbsp;<\/p>\n","protected":false},"excerpt":{"rendered":"<p>Komisja Polsko-Ukrai\u0144skich Zwi\u0105zk\u00f3w Kulturowych PAN Oddzia\u0142 w Lublinie zaprasza na zebranie otwarte, kt\u00f3re odb\u0119dzie si\u0119 31 maja 2022 r., godz. 14.00, w siedzibie Oddzia\u0142u, przy ul. Spokojnej 1 w Lublinie. W programie: Otwarcie zebrania \u2013 prof. Miros\u0142awa O\u0142dakowska-Kuflowa. Wyst\u0105pienia zaproszonych go\u015bci. Przedstawienie sylwetki naukowej prof. Feliksa Czy\u017cewskiego \u2013 prof.\u00a0Halina Pelcowa, prof. Irena Jaros. Prezentacja tomu [&hellip;]<\/p>\n","protected":false},"author":2,"featured_media":850,"comment_status":"open","ping_status":"open","sticky":false,"template":"","format":"standard","meta":[],"categories":[7],"tags":[],"_links":{"self":[{"href":"https:\/\/lublin.pan.pl\/pl\/wp-json\/wp\/v2\/posts\/1008"}],"collection":[{"href":"https:\/\/lublin.pan.pl\/pl\/wp-json\/wp\/v2\/posts"}],"about":[{"href":"https:\/\/lublin.pan.pl\/pl\/wp-json\/wp\/v2\/types\/post"}],"author":[{"embeddable":true,"href":"https:\/\/lublin.pan.pl\/pl\/wp-json\/wp\/v2\/users\/2"}],"replies":[{"embeddable":true,"href":"https:\/\/lublin.pan.pl\/pl\/wp-json\/wp\/v2\/comments?post=1008"}],"version-history":[{"count":2,"href":"https:\/\/lublin.pan.pl\/pl\/wp-json\/wp\/v2\/posts\/1008\/revisions"}],"predecessor-version":[{"id":1010,"href":"https:\/\/lublin.pan.pl\/pl\/wp-json\/wp\/v2\/posts\/1008\/revisions\/1010"}],"wp:featuredmedia":[{"embeddable":true,"href":"https:\/\/lublin.pan.pl\/pl\/wp-json\/wp\/v2\/media\/850"}],"wp:attachment":[{"href":"https:\/\/lublin.pan.pl\/pl\/wp-json\/wp\/v2\/media?parent=1008"}],"wp:term":[{"taxonomy":"category","embeddable":true,"href":"https:\/\/lublin.pan.pl\/pl\/wp-json\/wp\/v2\/categories?post=1008"},{"taxonomy":"post_tag","embeddable":true,"href":"https:\/\/lublin.pan.pl\/pl\/wp-json\/wp\/v2\/tags?post=1008"}],"curies":[{"name":"wp","href":"https:\/\/api.w.org\/{rel}","templated":true}]}}